{"id":2441,"date":"2021-01-05T11:28:43","date_gmt":"2021-01-05T11:28:43","guid":{"rendered":"https:\/\/earwell.eu\/earwell-ervaringen-van-moeder-en-baby\/"},"modified":"2023-12-05T10:47:12","modified_gmt":"2023-12-05T10:47:12","slug":"earwell-erfahrung-von-mutter-und-baby","status":"publish","type":"post","link":"https:\/\/earwell.eu\/de\/earwell-erfahrung-von-mutter-und-baby\/","title":{"rendered":"Earwell-Erfahrung von Mutter und Baby"},"content":{"rendered":"<h1><span style=\"color: #333333;\">Unsere Erfahrungen mit Earwell<\/span><\/h1>\n<p>Unser kleiner Sohn hat einen kleinen Defekt am Spiralrand seines rechten Ohrs. Seine Ohrl\u00e4ppchen sind sehr weit vorne und die Wahrscheinlichkeit, dass er Schlappohren bekommt, ist hoch. Wir selbst (Mama und Papa) haben auch Schlappohren. Wir haben uns entschieden, die Ohren unseres Sohnes mit Earwell korrigieren zu lassen. Hier meine Erfahrungen und mein Bericht als Mutter.<\/p>\n<h2><strong>Der erste Tag der Ohrenkorrektur (ohne Operation)<\/strong><\/h2>\n<p>Da geht sein h\u00fcbsches Haar. Und seine h\u00fcbschen Schlappohren, eingewickelt in den Earwell Ohrensch\u00fctzer. Mache ich das Richtige? Hat er keine Schmerzen? Ich versuche, an das Ergebnis zu denken und an die lebenslange Freude, die mein Baby an dieser fr\u00fchen Ohrenkorrektur haben wird. Das mildert jedes Mal, wenn ich ihn ansehe, das Gef\u00fchl des Mitleids ein wenig ab.<br \/>\nUnser Tag war chaotisch. Was das F\u00fcttern angeht, so hat unser Termin zum Einsetzen der Earwells nicht ganz geklappt. F\u00fcr den Rest des Tages scheint mein Sohn aufgrund dieses angepassten F\u00fctterungsrhythmus etwas unruhiger zu trinken.<\/p>\n<div id=\"attachment_1492\" style=\"width: 790px\" class=\"wp-caption alignnone\"><img decoding=\"async\" aria-describedby=\"caption-attachment-1492\" class=\"size-full wp-image-1492\" src=\"https:\/\/earwell.eu\/wp-content\/uploads\/2021\/01\/oorkapjes-met-muts-op.jpg\" alt=\"oorkapjes met muts op\" width=\"780\" height=\"617\" srcset=\"https:\/\/earwell.eu\/wp-content\/uploads\/2021\/01\/oorkapjes-met-muts-op-200x158.jpg 200w, https:\/\/earwell.eu\/wp-content\/uploads\/2021\/01\/oorkapjes-met-muts-op-300x237.jpg 300w, https:\/\/earwell.eu\/wp-content\/uploads\/2021\/01\/oorkapjes-met-muts-op-400x316.jpg 400w, https:\/\/earwell.eu\/wp-content\/uploads\/2021\/01\/oorkapjes-met-muts-op-600x475.jpg 600w, https:\/\/earwell.eu\/wp-content\/uploads\/2021\/01\/oorkapjes-met-muts-op-768x608.jpg 768w, https:\/\/earwell.eu\/wp-content\/uploads\/2021\/01\/oorkapjes-met-muts-op.jpg 780w\" sizes=\"(max-width: 780px) 100vw, 780px\" \/><p id=\"caption-attachment-1492\" class=\"wp-caption-text\"><em>Mit aufgesetzter Kappe M\u00fctze kann man die Kappen kaum sehen.<\/em><\/p><\/div>\n<p>\u00dcbrigens hat mein Sohn vom Einf\u00fchren Anlegen nichts gesp\u00fcrt. Er hat einfach durchgeschlafen. Nachts schl\u00e4ft mein 10 Tage alter Sohn besser als in den Tagen zuvor. Er schl\u00e4ft auf der Seite, so dass er eigentlich auf der Earwell-M\u00fctze liegt. Zum Gl\u00fcck scheint ihn das nicht zu st\u00f6ren! Wir haben also den ersten Tag gut \u00fcberstanden.<\/p>\n<div id=\"attachment_1495\" style=\"width: 790px\" class=\"wp-caption alignnone\"><img decoding=\"async\" aria-describedby=\"caption-attachment-1495\" class=\"size-full wp-image-1495\" src=\"https:\/\/earwell.eu\/wp-content\/uploads\/2021\/01\/Slapen-met-earwell.jpg\" alt=\"Slapen met earwell\" width=\"780\" height=\"534\" srcset=\"https:\/\/earwell.eu\/wp-content\/uploads\/2021\/01\/Slapen-met-earwell-200x137.jpg 200w, https:\/\/earwell.eu\/wp-content\/uploads\/2021\/01\/Slapen-met-earwell-300x205.jpg 300w, https:\/\/earwell.eu\/wp-content\/uploads\/2021\/01\/Slapen-met-earwell-400x274.jpg 400w, https:\/\/earwell.eu\/wp-content\/uploads\/2021\/01\/Slapen-met-earwell-600x411.jpg 600w, https:\/\/earwell.eu\/wp-content\/uploads\/2021\/01\/Slapen-met-earwell-768x526.jpg 768w, https:\/\/earwell.eu\/wp-content\/uploads\/2021\/01\/Slapen-met-earwell.jpg 780w\" sizes=\"(max-width: 780px) 100vw, 780px\" \/><p id=\"caption-attachment-1495\" class=\"wp-caption-text\"><em>Unser Sohn liegt einfach auf den Ohrensch\u00fctzern und schl\u00e4ft tief und fest.<\/em><\/p><\/div>\n<h2>De rest van de eerste week<\/h2>\n<p>Die M\u00fctzen haben sich langsam daran gew\u00f6hnt und mit einer M\u00fctze auf dem Kopf sieht man sie kaum noch. Unseren kleinen Sohn scheinen sie \u00fcberhaupt nicht zu st\u00f6ren. Er schl\u00e4ft ganz normal und kann sich einfach auf sie legen, ohne dass sie ihn st\u00f6ren.<br \/>\nLeider k\u00f6nnen wir unserem liebsten Sohn kein Bad geben. Deshalb waschen wir ihn in der Babywanne. Seine Haare waschen wir nur mit einem Waschlappen und Wasser, damit die Earwells nicht nass werden.<br \/>\nDer Kleber um die Kappen herum beginnt etwas schmutzig zu werden und sich zu l\u00f6sen. Gl\u00fccklicherweise sind die Kappen selbst noch fest angebracht. Ich tausche die Pflaster nicht aus, weil wir in 2 Tagen wieder in die MOOI-Klinik gehen, um das erste Ergebnis zu beurteilen.<\/p>\n<div id=\"attachment_1493\" style=\"width: 790px\" class=\"wp-caption alignnone\"><img decoding=\"async\" aria-describedby=\"caption-attachment-1493\" class=\"size-full wp-image-1493\" src=\"https:\/\/earwell.eu\/wp-content\/uploads\/2021\/01\/In-bad-met-Earwell-kapjes.jpg\" alt=\"In bad met Earwell kapjes\" width=\"780\" height=\"663\" srcset=\"https:\/\/earwell.eu\/wp-content\/uploads\/2021\/01\/In-bad-met-Earwell-kapjes-200x170.jpg 200w, https:\/\/earwell.eu\/wp-content\/uploads\/2021\/01\/In-bad-met-Earwell-kapjes-300x255.jpg 300w, https:\/\/earwell.eu\/wp-content\/uploads\/2021\/01\/In-bad-met-Earwell-kapjes-400x340.jpg 400w, https:\/\/earwell.eu\/wp-content\/uploads\/2021\/01\/In-bad-met-Earwell-kapjes-600x510.jpg 600w, https:\/\/earwell.eu\/wp-content\/uploads\/2021\/01\/In-bad-met-Earwell-kapjes-768x653.jpg 768w, https:\/\/earwell.eu\/wp-content\/uploads\/2021\/01\/In-bad-met-Earwell-kapjes.jpg 780w\" sizes=\"(max-width: 780px) 100vw, 780px\" \/><p id=\"caption-attachment-1493\" class=\"wp-caption-text\"><em>Die Earwell Ohrkappen d\u00fcrfen nicht nass werden, also waschen wir unseren kleinen Mann auf diese Weise.<\/em><\/p><\/div>\n<h3>Ergebnisse nach 2 Wochen<\/h3>\n<p>Die Earwell-Ohrkappen d\u00fcrfen endlich abgenommen werden! Das ist zwar etwas schmerzhafter f\u00fcr meinen Sohn, aber sobald die Kappen abgenommen sind, h\u00f6rt er auch sofort auf zu weinen. Das Ergebnis ist schon sehr gut und ich kann wirklich schon eine Verbesserung sehen. Michelle, unsere plastische Chirurgin, sagt, dass die Ohren noch vierzehn Tage lang mit einem Teil des Systems abgeklebt werden m\u00fcssen. Das ist nicht so schlimm!<\/p>\n<div id=\"attachment_1496\" style=\"width: 790px\" class=\"wp-caption alignnone\"><img decoding=\"async\" aria-describedby=\"caption-attachment-1496\" class=\"size-full wp-image-1496\" src=\"https:\/\/earwell.eu\/wp-content\/uploads\/2021\/01\/Na-2-weken-resultaat.jpg\" alt=\"Na 2 weken resultaat\" width=\"780\" height=\"833\" srcset=\"https:\/\/earwell.eu\/wp-content\/uploads\/2021\/01\/Na-2-weken-resultaat-200x214.jpg 200w, https:\/\/earwell.eu\/wp-content\/uploads\/2021\/01\/Na-2-weken-resultaat-281x300.jpg 281w, https:\/\/earwell.eu\/wp-content\/uploads\/2021\/01\/Na-2-weken-resultaat-400x427.jpg 400w, https:\/\/earwell.eu\/wp-content\/uploads\/2021\/01\/Na-2-weken-resultaat-600x641.jpg 600w, https:\/\/earwell.eu\/wp-content\/uploads\/2021\/01\/Na-2-weken-resultaat-768x820.jpg 768w, https:\/\/earwell.eu\/wp-content\/uploads\/2021\/01\/Na-2-weken-resultaat.jpg 780w\" sizes=\"(max-width: 780px) 100vw, 780px\" \/><p id=\"caption-attachment-1496\" class=\"wp-caption-text\"><em>Ergebnis nach 2 Wochen. Jetzt noch mindestens 2 Wochen lang behandeln.<\/em><\/p><\/div>\n<h3>Ergebnisse nach 4 Wochen<\/h3>\n<p>Wir gehen zur\u00fcck in die MOOI-Klinik, um das Ergebnis noch einmal zu \u00fcberpr\u00fcfen. Die Pflaster und der &#8222;Retraktor&#8220; d\u00fcrfen von seinen Ohren abgenommen werden. Das Ergebnis ist sch\u00f6n und die Behandlung ist abgeschlossen. Seine Ohren haben eine sch\u00f6ne Form und stehen nat\u00fcrlich am Kopf ab.<br \/>\n<img decoding=\"async\" class=\"alignnone size-full wp-image-1499\" src=\"https:\/\/earwell.eu\/wp-content\/uploads\/2021\/01\/Voor-en-na-foto-oorkapjes.jpg\" alt=\"Voor en na foto oorkapjes\" width=\"780\" height=\"450\" srcset=\"https:\/\/earwell.eu\/wp-content\/uploads\/2021\/01\/Voor-en-na-foto-oorkapjes-200x115.jpg 200w, https:\/\/earwell.eu\/wp-content\/uploads\/2021\/01\/Voor-en-na-foto-oorkapjes-300x173.jpg 300w, https:\/\/earwell.eu\/wp-content\/uploads\/2021\/01\/Voor-en-na-foto-oorkapjes-400x231.jpg 400w, https:\/\/earwell.eu\/wp-content\/uploads\/2021\/01\/Voor-en-na-foto-oorkapjes-600x346.jpg 600w, https:\/\/earwell.eu\/wp-content\/uploads\/2021\/01\/Voor-en-na-foto-oorkapjes-768x443.jpg 768w, https:\/\/earwell.eu\/wp-content\/uploads\/2021\/01\/Voor-en-na-foto-oorkapjes.jpg 780w\" sizes=\"(max-width: 780px) 100vw, 780px\" \/><\/p>\n<p>Jetzt ist unser Sohn fast 4 Monate alt und hat wundersch\u00f6ne Ohren. Sie stehen immer noch etwas vom Kopf ab, so dass es jetzt sehr nat\u00fcrlich aussieht. Allerdings warten wir immer noch darauf, dass seine Haare nachwachsen, was noch nicht der Fall ist.<\/p>\n<p>Haben Sie eine Frage an mich? Hinterlassen Sie unten eine Nachricht!<\/p>\n<p><em><strong>Liebe,<\/strong><\/em><\/p>\n<p><em><strong>B&#8217;s Mum.<\/strong><\/em><\/p>\n","protected":false},"excerpt":{"rendered":"<p>Unsere Erfahrungen mit Earwell Unser kleiner Sohn hat einen kleinen Defekt am Spiralrand seines rechten Ohrs. Seine Ohrl\u00e4ppchen sind sehr weit vorne und die Wahrscheinlichkeit, dass er Schlappohren bekommt, ist hoch. Wir selbst (Mama und Papa) haben auch Schlappohren. Wir haben uns entschieden, die Ohren unseres Sohnes [&hellip;]<\/p>\n","protected":false},"author":2,"featured_media":2206,"comment_status":"open","ping_status":"open","sticky":false,"template":"","format":"standard","meta":{"_acf_changed":false,"footnotes":""},"categories":[55],"tags":[],"class_list":["post-2441","post","type-post","status-publish","format-standard","has-post-thumbnail","hentry","category-erfahrungen-muttern"],"acf":[],"yoast_head":"<!-- This site is optimized with the Yoast SEO plugin v26.8 - https:\/\/yoast.com\/product\/yoast-seo-wordpress\/ -->\n<title>Earwell-Erfahrung von Mutter und Baby - EarWell.eu<\/title>\n<meta name=\"robots\" content=\"index, follow, max-snippet:-1, max-image-preview:large, max-video-preview:-1\" \/>\n<link rel=\"canonical\" href=\"https:\/\/earwell.eu\/de\/earwell-erfahrung-von-mutter-und-baby\/\" \/>\n<meta property=\"og:locale\" content=\"de_DE\" \/>\n<meta property=\"og:type\" content=\"article\" \/>\n<meta property=\"og:title\" content=\"Earwell-Erfahrung von Mutter und Baby - EarWell.eu\" \/>\n<meta property=\"og:description\" content=\"Unsere Erfahrungen mit Earwell Unser kleiner Sohn hat einen kleinen Defekt am Spiralrand seines rechten Ohrs. Seine Ohrl\u00e4ppchen sind sehr weit vorne und die Wahrscheinlichkeit, dass er Schlappohren bekommt, ist hoch. Wir selbst (Mama und Papa) haben auch Schlappohren. Wir haben uns entschieden, die Ohren unseres Sohnes [&hellip;]\" \/>\n<meta property=\"og:url\" content=\"https:\/\/earwell.eu\/de\/earwell-erfahrung-von-mutter-und-baby\/\" \/>\n<meta property=\"og:site_name\" content=\"EarWell.eu\" \/>\n<meta property=\"article:published_time\" content=\"2021-01-05T11:28:43+00:00\" \/>\n<meta property=\"article:modified_time\" content=\"2023-12-05T10:47:12+00:00\" \/>\n<meta property=\"og:image\" content=\"https:\/\/earwell.eu\/wp-content\/uploads\/2021\/01\/ervaring-earwell-moeder-baby.jpg\" \/>\n\t<meta property=\"og:image:width\" content=\"1000\" \/>\n\t<meta property=\"og:image:height\" content=\"500\" \/>\n\t<meta property=\"og:image:type\" content=\"image\/jpeg\" \/>\n<meta name=\"author\" content=\"Evy van Kan\" \/>\n<meta name=\"twitter:card\" content=\"summary_large_image\" \/>\n<meta name=\"twitter:label1\" content=\"Verfasst von\" \/>\n\t<meta name=\"twitter:data1\" content=\"Evy van Kan\" \/>\n\t<meta name=\"twitter:label2\" content=\"Gesch\u00e4tzte Lesezeit\" \/>\n\t<meta name=\"twitter:data2\" content=\"4\u00a0Minuten\" \/>\n<script type=\"application\/ld+json\" class=\"yoast-schema-graph\">{\"@context\":\"https:\/\/schema.org\",\"@graph\":[{\"@type\":\"Article\",\"@id\":\"https:\/\/earwell.eu\/de\/earwell-erfahrung-von-mutter-und-baby\/#article\",\"isPartOf\":{\"@id\":\"https:\/\/earwell.eu\/de\/earwell-erfahrung-von-mutter-und-baby\/\"},\"author\":{\"name\":\"Evy van Kan\",\"@id\":\"https:\/\/earwell.eu\/#\/schema\/person\/e84a66824feee6c57089a149284675a1\"},\"headline\":\"Earwell-Erfahrung von Mutter und Baby\",\"datePublished\":\"2021-01-05T11:28:43+00:00\",\"dateModified\":\"2023-12-05T10:47:12+00:00\",\"mainEntityOfPage\":{\"@id\":\"https:\/\/earwell.eu\/de\/earwell-erfahrung-von-mutter-und-baby\/\"},\"wordCount\":635,\"commentCount\":0,\"image\":{\"@id\":\"https:\/\/earwell.eu\/de\/earwell-erfahrung-von-mutter-und-baby\/#primaryimage\"},\"thumbnailUrl\":\"https:\/\/earwell.eu\/wp-content\/uploads\/2021\/01\/ervaring-earwell-moeder-baby.jpg\",\"articleSection\":[\"Erfahrungen von M\u00fcttern\"],\"inLanguage\":\"de\",\"potentialAction\":[{\"@type\":\"CommentAction\",\"name\":\"Comment\",\"target\":[\"https:\/\/earwell.eu\/de\/earwell-erfahrung-von-mutter-und-baby\/#respond\"]}]},{\"@type\":\"WebPage\",\"@id\":\"https:\/\/earwell.eu\/de\/earwell-erfahrung-von-mutter-und-baby\/\",\"url\":\"https:\/\/earwell.eu\/de\/earwell-erfahrung-von-mutter-und-baby\/\",\"name\":\"Earwell-Erfahrung von Mutter und Baby - EarWell.eu\",\"isPartOf\":{\"@id\":\"https:\/\/earwell.eu\/#website\"},\"primaryImageOfPage\":{\"@id\":\"https:\/\/earwell.eu\/de\/earwell-erfahrung-von-mutter-und-baby\/#primaryimage\"},\"image\":{\"@id\":\"https:\/\/earwell.eu\/de\/earwell-erfahrung-von-mutter-und-baby\/#primaryimage\"},\"thumbnailUrl\":\"https:\/\/earwell.eu\/wp-content\/uploads\/2021\/01\/ervaring-earwell-moeder-baby.jpg\",\"datePublished\":\"2021-01-05T11:28:43+00:00\",\"dateModified\":\"2023-12-05T10:47:12+00:00\",\"author\":{\"@id\":\"https:\/\/earwell.eu\/#\/schema\/person\/e84a66824feee6c57089a149284675a1\"},\"breadcrumb\":{\"@id\":\"https:\/\/earwell.eu\/de\/earwell-erfahrung-von-mutter-und-baby\/#breadcrumb\"},\"inLanguage\":\"de\",\"potentialAction\":[{\"@type\":\"ReadAction\",\"target\":[\"https:\/\/earwell.eu\/de\/earwell-erfahrung-von-mutter-und-baby\/\"]}]},{\"@type\":\"ImageObject\",\"inLanguage\":\"de\",\"@id\":\"https:\/\/earwell.eu\/de\/earwell-erfahrung-von-mutter-und-baby\/#primaryimage\",\"url\":\"https:\/\/earwell.eu\/wp-content\/uploads\/2021\/01\/ervaring-earwell-moeder-baby.jpg\",\"contentUrl\":\"https:\/\/earwell.eu\/wp-content\/uploads\/2021\/01\/ervaring-earwell-moeder-baby.jpg\",\"width\":1000,\"height\":500},{\"@type\":\"BreadcrumbList\",\"@id\":\"https:\/\/earwell.eu\/de\/earwell-erfahrung-von-mutter-und-baby\/#breadcrumb\",\"itemListElement\":[{\"@type\":\"ListItem\",\"position\":1,\"name\":\"Home\",\"item\":\"https:\/\/earwell.eu\/de\/driving-home\/\"},{\"@type\":\"ListItem\",\"position\":2,\"name\":\"Earwell-Erfahrung von Mutter und Baby\"}]},{\"@type\":\"WebSite\",\"@id\":\"https:\/\/earwell.eu\/#website\",\"url\":\"https:\/\/earwell.eu\/\",\"name\":\"EarWell.eu\",\"description\":\"\",\"potentialAction\":[{\"@type\":\"SearchAction\",\"target\":{\"@type\":\"EntryPoint\",\"urlTemplate\":\"https:\/\/earwell.eu\/?s={search_term_string}\"},\"query-input\":{\"@type\":\"PropertyValueSpecification\",\"valueRequired\":true,\"valueName\":\"search_term_string\"}}],\"inLanguage\":\"de\"},{\"@type\":\"Person\",\"@id\":\"https:\/\/earwell.eu\/#\/schema\/person\/e84a66824feee6c57089a149284675a1\",\"name\":\"Evy van Kan\",\"url\":\"https:\/\/earwell.eu\/de\/author\/kandomarketinggmail-com\/\"}]}<\/script>\n<!-- \/ Yoast SEO plugin. -->","yoast_head_json":{"title":"Earwell-Erfahrung von Mutter und Baby - EarWell.eu","robots":{"index":"index","follow":"follow","max-snippet":"max-snippet:-1","max-image-preview":"max-image-preview:large","max-video-preview":"max-video-preview:-1"},"canonical":"https:\/\/earwell.eu\/de\/earwell-erfahrung-von-mutter-und-baby\/","og_locale":"de_DE","og_type":"article","og_title":"Earwell-Erfahrung von Mutter und Baby - EarWell.eu","og_description":"Unsere Erfahrungen mit Earwell Unser kleiner Sohn hat einen kleinen Defekt am Spiralrand seines rechten Ohrs. Seine Ohrl\u00e4ppchen sind sehr weit vorne und die Wahrscheinlichkeit, dass er Schlappohren bekommt, ist hoch. Wir selbst (Mama und Papa) haben auch Schlappohren. Wir haben uns entschieden, die Ohren unseres Sohnes [&hellip;]","og_url":"https:\/\/earwell.eu\/de\/earwell-erfahrung-von-mutter-und-baby\/","og_site_name":"EarWell.eu","article_published_time":"2021-01-05T11:28:43+00:00","article_modified_time":"2023-12-05T10:47:12+00:00","og_image":[{"width":1000,"height":500,"url":"https:\/\/earwell.eu\/wp-content\/uploads\/2021\/01\/ervaring-earwell-moeder-baby.jpg","type":"image\/jpeg"}],"author":"Evy van Kan","twitter_card":"summary_large_image","twitter_misc":{"Verfasst von":"Evy van Kan","Gesch\u00e4tzte Lesezeit":"4\u00a0Minuten"},"schema":{"@context":"https:\/\/schema.org","@graph":[{"@type":"Article","@id":"https:\/\/earwell.eu\/de\/earwell-erfahrung-von-mutter-und-baby\/#article","isPartOf":{"@id":"https:\/\/earwell.eu\/de\/earwell-erfahrung-von-mutter-und-baby\/"},"author":{"name":"Evy van Kan","@id":"https:\/\/earwell.eu\/#\/schema\/person\/e84a66824feee6c57089a149284675a1"},"headline":"Earwell-Erfahrung von Mutter und Baby","datePublished":"2021-01-05T11:28:43+00:00","dateModified":"2023-12-05T10:47:12+00:00","mainEntityOfPage":{"@id":"https:\/\/earwell.eu\/de\/earwell-erfahrung-von-mutter-und-baby\/"},"wordCount":635,"commentCount":0,"image":{"@id":"https:\/\/earwell.eu\/de\/earwell-erfahrung-von-mutter-und-baby\/#primaryimage"},"thumbnailUrl":"https:\/\/earwell.eu\/wp-content\/uploads\/2021\/01\/ervaring-earwell-moeder-baby.jpg","articleSection":["Erfahrungen von M\u00fcttern"],"inLanguage":"de","potentialAction":[{"@type":"CommentAction","name":"Comment","target":["https:\/\/earwell.eu\/de\/earwell-erfahrung-von-mutter-und-baby\/#respond"]}]},{"@type":"WebPage","@id":"https:\/\/earwell.eu\/de\/earwell-erfahrung-von-mutter-und-baby\/","url":"https:\/\/earwell.eu\/de\/earwell-erfahrung-von-mutter-und-baby\/","name":"Earwell-Erfahrung von Mutter und Baby - EarWell.eu","isPartOf":{"@id":"https:\/\/earwell.eu\/#website"},"primaryImageOfPage":{"@id":"https:\/\/earwell.eu\/de\/earwell-erfahrung-von-mutter-und-baby\/#primaryimage"},"image":{"@id":"https:\/\/earwell.eu\/de\/earwell-erfahrung-von-mutter-und-baby\/#primaryimage"},"thumbnailUrl":"https:\/\/earwell.eu\/wp-content\/uploads\/2021\/01\/ervaring-earwell-moeder-baby.jpg","datePublished":"2021-01-05T11:28:43+00:00","dateModified":"2023-12-05T10:47:12+00:00","author":{"@id":"https:\/\/earwell.eu\/#\/schema\/person\/e84a66824feee6c57089a149284675a1"},"breadcrumb":{"@id":"https:\/\/earwell.eu\/de\/earwell-erfahrung-von-mutter-und-baby\/#breadcrumb"},"inLanguage":"de","potentialAction":[{"@type":"ReadAction","target":["https:\/\/earwell.eu\/de\/earwell-erfahrung-von-mutter-und-baby\/"]}]},{"@type":"ImageObject","inLanguage":"de","@id":"https:\/\/earwell.eu\/de\/earwell-erfahrung-von-mutter-und-baby\/#primaryimage","url":"https:\/\/earwell.eu\/wp-content\/uploads\/2021\/01\/ervaring-earwell-moeder-baby.jpg","contentUrl":"https:\/\/earwell.eu\/wp-content\/uploads\/2021\/01\/ervaring-earwell-moeder-baby.jpg","width":1000,"height":500},{"@type":"BreadcrumbList","@id":"https:\/\/earwell.eu\/de\/earwell-erfahrung-von-mutter-und-baby\/#breadcrumb","itemListElement":[{"@type":"ListItem","position":1,"name":"Home","item":"https:\/\/earwell.eu\/de\/driving-home\/"},{"@type":"ListItem","position":2,"name":"Earwell-Erfahrung von Mutter und Baby"}]},{"@type":"WebSite","@id":"https:\/\/earwell.eu\/#website","url":"https:\/\/earwell.eu\/","name":"EarWell.eu","description":"","potentialAction":[{"@type":"SearchAction","target":{"@type":"EntryPoint","urlTemplate":"https:\/\/earwell.eu\/?s={search_term_string}"},"query-input":{"@type":"PropertyValueSpecification","valueRequired":true,"valueName":"search_term_string"}}],"inLanguage":"de"},{"@type":"Person","@id":"https:\/\/earwell.eu\/#\/schema\/person\/e84a66824feee6c57089a149284675a1","name":"Evy van Kan","url":"https:\/\/earwell.eu\/de\/author\/kandomarketinggmail-com\/"}]}},"_links":{"self":[{"href":"https:\/\/earwell.eu\/de\/wp-json\/wp\/v2\/posts\/2441","targetHints":{"allow":["GET"]}}],"collection":[{"href":"https:\/\/earwell.eu\/de\/wp-json\/wp\/v2\/posts"}],"about":[{"href":"https:\/\/earwell.eu\/de\/wp-json\/wp\/v2\/types\/post"}],"author":[{"embeddable":true,"href":"https:\/\/earwell.eu\/de\/wp-json\/wp\/v2\/users\/2"}],"replies":[{"embeddable":true,"href":"https:\/\/earwell.eu\/de\/wp-json\/wp\/v2\/comments?post=2441"}],"version-history":[{"count":2,"href":"https:\/\/earwell.eu\/de\/wp-json\/wp\/v2\/posts\/2441\/revisions"}],"predecessor-version":[{"id":2482,"href":"https:\/\/earwell.eu\/de\/wp-json\/wp\/v2\/posts\/2441\/revisions\/2482"}],"wp:featuredmedia":[{"embeddable":true,"href":"https:\/\/earwell.eu\/de\/wp-json\/wp\/v2\/media\/2206"}],"wp:attachment":[{"href":"https:\/\/earwell.eu\/de\/wp-json\/wp\/v2\/media?parent=2441"}],"wp:term":[{"taxonomy":"category","embeddable":true,"href":"https:\/\/earwell.eu\/de\/wp-json\/wp\/v2\/categories?post=2441"},{"taxonomy":"post_tag","embeddable":true,"href":"https:\/\/earwell.eu\/de\/wp-json\/wp\/v2\/tags?post=2441"}],"curies":[{"name":"wp","href":"https:\/\/api.w.org\/{rel}","templated":true}]}}